{"id":41504,"date":"2021-09-27T09:21:14","date_gmt":"2021-09-27T07:21:14","guid":{"rendered":"https:\/\/remax-stbarths.com\/2021\/09\/27\/la-haute-saison-approche\/"},"modified":"2021-09-27T09:21:14","modified_gmt":"2021-09-27T07:21:14","slug":"la-haute-saison-approche","status":"publish","type":"post","link":"https:\/\/remax-stbarths.com\/fr\/2021\/09\/27\/la-haute-saison-approche\/","title":{"rendered":"La haute saison approche"},"content":{"rendered":"<h1 style=\"text-align: center;\"><strong>Le mois de novembre marque le d\u00e9but de la haute saison  <\/strong><\/h1>\n<h1 style=\"text-align: center;\"><strong>\u00e0 St Barth, notre paradis tropical.<\/strong><\/h1>\n<p>&nbsp;<\/p>\n<p style=\"text-align: center;\">Avec des plages exquises, d&rsquo;excellentes exp\u00e9riences culinaires et une comp\u00e9tition nautique au menu. Du 10 au 14 novembre, l&rsquo;accent est mis sur la gastronomie, avec la<sup>8e<\/sup> \u00e9dition du St Barth Gourmet Festival qui met l&rsquo;accent sur la \u00ab\u00a0French Gastronomy\u00a0\u00bb. Puis, du 17 au 21 novembre, c&rsquo;est la St Barth Cata-Cup qui prend le large, une r\u00e9gate de catamarans Formule 18, ouverte aux professionnels et aux amateurs, avec des courses dans un cadre idyllique et une ambiance conviviale.  <\/p>\n<p>&nbsp;<\/p>\n<h2 style=\"text-align: center;\"><strong>&#8211;<\/strong><\/h2>\n<h2 style=\"text-align: center;\"><strong>La meilleure destination tropicale au monde cet hiver,  <\/strong><\/h2>\n<h2 style=\"text-align: center;\"><strong>St Barth, la perle des Cara\u00efbes.<\/strong><\/h2>\n<h2 style=\"text-align: center;\">&#8211;<\/h2>\n<p>&nbsp;<\/p>\n<p style=\"text-align: center;\">Visitez cette minuscule \u00eele paradisiaque des Cara\u00efbes fran\u00e7aises de seulement huit miles carr\u00e9s, r\u00e9put\u00e9e pour ses eaux turquoise, ses magnifiques villas priv\u00e9es luxueuses, ses yatchs et ses boutiques de cr\u00e9ateurs de luxe.<\/p>\n<p style=\"text-align: center;\">Saint-Barth\u00e9lemy poss\u00e8de un tr\u00e9sor d&rsquo;activit\u00e9s \u00e0 pratiquer.<\/p>\n<p style=\"text-align: center;\">Allons faire un tour !<\/p>\n<p>&nbsp;<\/p>\n<p>&nbsp;<\/p>\n<h3 style=\"text-align: center;\"><strong>Carte postale : Plage de St Jean<\/strong><\/h3>\n<p>&nbsp;<\/p>\n<p style=\"text-align: center;\">Parmi les plages pr\u00e9f\u00e9r\u00e9es, ne manquez pas St Jean et sa plage de sable blanc. Installez-vous sur votre serviette de plage et peaufinez votre bronzage tout en observant le ballet des petits avions qui d\u00e9collent et atterrissent sur le fond turquoise de la mer. La plage de St Jean, qui offre des vues dignes d&rsquo;une carte postale, se trouve \u00e0 c\u00f4t\u00e9 du petit a\u00e9roport de St Barth. Vous pouvez \u00e9galement d\u00e9jeuner les pieds dans le sable \u00e0 <span style=\"color: #0000ff;\"><a style=\"color: #0000ff;\" href=\"https:\/\/www.instagram.com\/pearlbeachsaintbarth\/\" target=\"_blank\" rel=\"noopener\"><u>Pe<\/u><u>arl Beach<\/u><\/a><\/span><u><span style=\"color: #0000ff;\"><a style=\"color: #0000ff;\" href=\"https:\/\/www.instagram.com\/lil_rock.beach_stbarth\/\" target=\"_blank\" rel=\"noopener\">Lil&rsquo;Rock<\/a><\/span><\/u>, ou au l\u00e9gendaire <span style=\"color: #0000ff;\"><a style=\"color: #0000ff;\" href=\"https:\/\/www.instagram.com\/sandbar_stbarths\/\" target=\"_blank\" rel=\"noopener\"><u>Eden Rock<\/u><\/a> <span style=\"color: #000000;\">h\u00f4tel cinq \u00e9toiles.<\/span><\/span>   <\/p>\n<p style=\"text-align: center; max-width: 400px;\">   <img class=\"image-blog wp-image-26552 aligncenter\" style=\"max-width: 400px;\" src=\"https:\/\/remax-stbarths.com\/wp-content\/uploads\/2021\/09\/20190929_135650-400x600.jpg\" alt=\"Plage de St Jean  \" width=\"258\" height=\"387\"><\/p>\n<p>&nbsp;<\/p>\n<p style=\"text-align: center;\">Faites attention aux d\u00e9collages et aux atterrissages, les avions sont pratiquement au-dessus de votre t\u00eate !<\/p>\n<p>&nbsp;<\/p>\n<p>&nbsp;<\/p>\n<h3><\/h3>\n<h3 style=\"text-align: center;\"><strong>Les plus inaccessibles : Plage de Colombier<\/strong><\/h3>\n<p>&nbsp;<\/p>\n<p style=\"text-align: center; max-width: 600px;\"><img class=\"image-blog aligncenter wp-image-26554\" style=\"max-width: 600px;\" src=\"https:\/\/remax-stbarths.com\/wp-content\/uploads\/2021\/09\/RE-MAX-MaxVDN-7991-600x300.jpg\" alt=\"Plage de Colombier\" width=\"100%\" srcset=\"https:\/\/remax-stbarths.com\/wp-content\/uploads\/2021\/09\/RE-MAX-MaxVDN-7991-600x300.jpg 600w, https:\/\/remax-stbarths.com\/wp-content\/uploads\/2021\/09\/RE-MAX-MaxVDN-7991-1440x720.jpg 1440w\" sizes=\"(max-width: 600px) 100vw, 600px\" \/><\/p>\n<p>&nbsp;<\/p>\n<p style=\"text-align: center;\">Situ\u00e9e \u00e0 l&rsquo;extr\u00eame ouest de l&rsquo;\u00eele, la plage de Colombier n&rsquo;est accessible qu&rsquo;\u00e0 pied ou en bateau. Apr\u00e8s une petite randonn\u00e9e de 20 minutes, quel plaisir de d\u00e9couvrir cette magnifique baie bleu turquoise et une plage de sable blanc. Un v\u00e9ritable havre de paix, faisant partie d&rsquo;un parc marin prot\u00e9g\u00e9, qui vous incite \u00e0 explorer l&rsquo;exotisme du milieu sous-marin avec un simple masque et un tuba. Une activit\u00e9 parfaite pour tous les amateurs de snorkeling.   <\/p>\n<p style=\"text-align: center;\">Faites-en une excursion d&rsquo;une journ\u00e9e, emportez un pique-nique et admirez le coucher de soleil des Cara\u00efbes dans toute sa splendeur.<\/p>\n<p style=\"text-align: center;\"><strong>Consultez la liste des locations de villas de luxe \u00e0 Colombier avec des vues \u00e0 couper le souffle <span style=\"color: #0000ff;\"><u><a style=\"color: #0000ff;\" href=\"https:\/\/remax-stbarths.com\/?s=&amp;post_type=rental&amp;location_rental=Colombier&amp;max_price_rental=any&amp;bedrooms_rental=any&amp;property_type_rental=any&amp;villa_id=any\" target=\"_blank\" rel=\"noopener\">ici<\/a>.<\/u><\/span><\/strong><\/p>\n<p>&nbsp;<\/p>\n<p style=\"text-align: center;\"><strong> <\/strong><\/p>\n<h3 style=\"text-align: center;\"><strong>Le plus authentique : La plage de Corossol<\/strong><\/h3>\n<p>&nbsp;<\/p>\n<p style=\"text-align: center;\">Dans un petit village de p\u00eacheurs, la plage de Corossol borde la baie de son sable beige.<\/p>\n<p style=\"text-align: center;\">Gardez un \u0153il sur les bateaux de p\u00eache traditionnels appel\u00e9s doris.<\/p>\n<p style=\"text-align: center;\">Pour ceux qui aiment faire de la plong\u00e9e avec masque et tuba, prenez votre \u00e9quipement et glissez-vous sous les vagues pour observer les tortues de mer et autres animaux marins qui se trouvent \u00e0 proximit\u00e9.<\/p>\n<p style=\"text-align: center;\">Le village de Corossol perp\u00e9tue \u00e9galement la tradition artisanale locale de tissage de chapeaux, d&rsquo;accessoires et de d\u00e9corations avec des feuilles de palmier s\u00e8ches.<\/p>\n<p style=\"text-align: center;\">Presque un moment perdu dans le temps.<\/p>\n<p>&nbsp;<\/p>\n<p>&nbsp;<\/p>\n<p style=\"text-align: center; max-width: 600px;\"><img class=\"image-blog aligncenter wp-image-26553\" style=\"max-width: 600px;\" src=\"https:\/\/remax-stbarths.com\/wp-content\/uploads\/2021\/09\/MAX4877-600x300.jpg\" alt=\"Plage de Corossol\" width=\"100%\" srcset=\"https:\/\/remax-stbarths.com\/wp-content\/uploads\/2021\/09\/MAX4877-600x300.jpg 600w, https:\/\/remax-stbarths.com\/wp-content\/uploads\/2021\/09\/MAX4877-1440x720.jpg 1440w\" sizes=\"(max-width: 600px) 100vw, 600px\" \/><\/p>\n<p>&nbsp;<\/p>\n<p style=\"text-align: center;\">Vous \u00eates \u00e0 la recherche d&rsquo;authenticit\u00e9 pour des vacances aux Antilles sur cette belle \u00eele de St Barth ?<\/p>\n<p style=\"text-align: center;\"><strong>Louez une villa avec l&rsquo;architecture de Saint-Barth\u00e9lemy <span style=\"color: #0000ff;\"><u><a style=\"color: #0000ff;\" href=\"https:\/\/remax-stbarths.com\/?s=&amp;post_type=rental&amp;location_rental=any&amp;max_price_rental=any&amp;bedrooms_rental=any&amp;property_type_rental=style&amp;villa_id=any\" target=\"_blank\" rel=\"noopener\">ici<\/a>.<\/u><\/span><\/strong><\/p>\n<p>&nbsp;<\/p>\n<h2 style=\"text-align: center;\">&#8211;<\/h2>\n<h2 style=\"text-align: center;\"><strong>St Barth<\/strong>, l&rsquo;\u00eele de la gastronomie fran\u00e7aise<\/h2>\n<h2 style=\"text-align: center;\">&#8211;<\/h2>\n<p>&nbsp;<\/p>\n<p style=\"text-align: center;\">La <sup>8e<\/sup> \u00e9dition du St Barth Gourmet Festival se d\u00e9roulera du 10 au 14 novembre 2021, avec une \u00e9dition sp\u00e9ciale d\u00e9di\u00e9e \u00e0 la \u00ab\u00a0gastronomie fran\u00e7aise\u00a0\u00bb. Cette ann\u00e9e, 11 chefs fran\u00e7ais viendront \u00e0 St Barth pour partager leur excellence culinaire, pour le plus grand plaisir de nos papilles. En collaboration avec des chefs de l&rsquo;\u00eele, ils cr\u00e9eront leurs plats dans certains des meilleurs restaurants de Saint-Barth\u00e9lemy, tels que l&rsquo;h\u00f4tel <span style=\"color: #0000ff;\"><strong><a style=\"color: #0000ff;\" href=\"https:\/\/www.instagram.com\/hotelbarrierelecarlgustaf\/\" target=\"_blank\" rel=\"noopener\"><u>l&rsquo;h\u00f4tel Le Carl Gustaf<\/u><\/a>, <a style=\"color: #0000ff;\" href=\"https:\/\/www.instagram.com\/chevalblancstbarth\/\" target=\"_blank\" rel=\"noopener\"><u>Le Cheval Blanc St Barth &#8211; Isle de France<\/u><\/a>, <a style=\"color: #0000ff;\" href=\"https:\/\/www.instagram.com\/rosewoodleguanahani\/\" target=\"_blank\" rel=\"noopener\"><u> l&rsquo;h\u00f4tel Rosewood Le Guanahani St Barth <\/u><\/a><\/strong><span style=\"color: #000000;\">ainsi que<\/span><\/span>s <strong><span style=\"color: #0000ff;\"><a style=\"color: #0000ff;\" href=\"https:\/\/www.instagram.com\/restaurantlespritstbarth\/\" target=\"_blank\" rel=\"noopener\">Le restaurant L&rsquo;Esprit de Saline<\/a>.<\/span><\/strong> Un moment id\u00e9al \u00e0 partager en famille ou entre amis, tout en profitant d&rsquo;une exp\u00e9rience gastronomique exceptionnelle.  <\/p>\n<p>&nbsp;<\/p>\n<p>&nbsp;<\/p>\n<p style=\"text-align: center; max-width: 800px;\"><img class=\"image-blog aligncenter wp-image-26555\" style=\"max-width: 800px;\" src=\"https:\/\/remax-stbarths.com\/wp-content\/uploads\/2021\/09\/CHEFS_STBARTHGOURMETFESTIVAL-scaled.jpg\" alt=\"Festival gastronomique de St Barth\" width=\"100%\" srcset=\"https:\/\/remax-stbarths.com\/wp-content\/uploads\/2021\/09\/CHEFS_STBARTHGOURMETFESTIVAL-scaled.jpg 2048w, https:\/\/remax-stbarths.com\/wp-content\/uploads\/2021\/09\/CHEFS_STBARTHGOURMETFESTIVAL-1536x1365.jpg 1536w\" sizes=\"(max-width: 2048px) 100vw, 2048px\" \/><\/p>\n<p>&nbsp;<\/p>\n<p>&nbsp;<\/p>\n<p style=\"text-align: center;\">Vous souhaitez participer au St Barth Gourmet Festival ?<\/p>\n<p style=\"text-align: center;\">Contactez notre \u00e9quipe directement <strong><a href=\"reservations@remax-stbarths.com\"><u>ici <\/u><\/a><\/strong>pour vous aider \u00e0 organiser votre voyage ou \u00e0 r\u00e9server une table.<\/p>\n<p style=\"text-align: center;\">Pour des vacances en famille ou entre amis, consultez notre <strong><span style=\"color: #0000ff;\"><a style=\"color: #0000ff;\" href=\"https:\/\/remax-stbarths.com\/?s=&amp;post_type=rental&amp;bedrooms_rental=any&amp;property_type_rental=family_friends&amp;location_rental=any&amp;max_price_rental=any\" target=\"_blank\" rel=\"noopener\"><u>s\u00e9lection de belles locations de villas \u00e0 Saint-Barth\u00e9lemy <\/u><\/a><\/span><\/strong> <\/p>\n<p>&nbsp;<\/p>\n<p>&nbsp;<\/p>\n<h2 style=\"text-align: center;\"><u> <\/u><\/h2>\n<h2 style=\"text-align: center;\">Pour les amateurs de sensations fortes sur les vagues,<\/h2>\n<h2 style=\"text-align: center;\">La <strong>St Barth <\/strong>Cata-Cup est de retour !<\/h2>\n<h2 style=\"text-align: center;\">&#8211;<\/h2>\n<p>&nbsp;<\/p>\n<p style=\"text-align: center;\">Contraints d&rsquo;annuler l&rsquo;\u00e9v\u00e9nement en 2020 en raison de la pand\u00e9mie, les organisateurs de la St Barth Cata-Cup reviennent cette ann\u00e9e avec la<sup>13e<\/sup> \u00e9dition de cette r\u00e9gate hautement comp\u00e9titive qui se d\u00e9roulera du 17 au 21 novembre. La St Barth Cata-Cup marque le premier \u00e9v\u00e9nement nautique de la saison, r\u00e9unissant plus de 60 catamarans de Formule 18, avec 120 comp\u00e9titeurs de 18 pays et r\u00e9gions de la Cara\u00efbe pour 4 jours de course. <\/p>\n<p style=\"text-align: center;\">Une r\u00e9gate festive accessible aux touristes et aux r\u00e9sidents de l&rsquo;\u00eele.<\/p>\n<p>&nbsp;<\/p>\n<p>&nbsp;<\/p>\n<p style=\"text-align: center; max-width: 600px;\"><img class=\"image-blog aligncenter wp-image-26551\" style=\"max-width: 600px;\" src=\"https:\/\/remax-stbarths.com\/wp-content\/uploads\/2021\/09\/cata-cup_stbarth-600x300.jpeg\" alt=\"St Barth Cata Cup\" width=\"100%\" srcset=\"https:\/\/remax-stbarths.com\/wp-content\/uploads\/2021\/09\/cata-cup_stbarth-600x300.jpeg 600w, https:\/\/remax-stbarths.com\/wp-content\/uploads\/2021\/09\/cata-cup_stbarth-1440x720.jpeg 1440w\" sizes=\"(max-width: 600px) 100vw, 600px\" \/><\/p>\n<p>&nbsp;<\/p>\n<p>&nbsp;<\/p>\n<p style=\"text-align: center;\">Pour \u00eatre au plus pr\u00e8s de l&rsquo;action, c&rsquo;est le moment de louer une villa \u00e0 St Jean et de profiter des sports nautiques.<\/p>\n<p style=\"text-align: center;\">D\u00e9couvrez notre s\u00e9lection de locations de villas de luxe<a href=\"https:\/\/remax-stbarths.com\/?s=&amp;post_type=rental&amp;bedrooms_rental=any&amp;property_type_rental=any&amp;location_rental=Saint+Jean&amp;max_price_rental=any\" target=\"_blank\" rel=\"noopener\"><span style=\"color: #0000ff;\"> <strong><u>ici.<\/u><\/strong><\/span><\/a><\/p>\n<p>&nbsp;<\/p>\n<p>&nbsp;<\/p>\n<p style=\"text-align: center;\">________________________________<\/p>\n<h4><\/h4>\n<p>&nbsp;<\/p>\n<h4 style=\"text-align: center;\"><strong>RE\/MAX St Barths &#8211; Sp\u00e9cialiste de la location de villas<\/strong><\/h4>\n<h4 style=\"text-align: center;\"><strong>Nous cr\u00e9ons un style de vie<\/strong><\/h4>\n<p>&nbsp;<\/p>\n<p style=\"text-align: center;\"><strong>Pour plus d&rsquo;informations, n&rsquo;h\u00e9sitez pas \u00e0 contacter<\/strong><strong><br \/>\nnotre \u00e9quipe de r\u00e9servation<br \/>\n<\/strong><a href=\"x-webdoc:\/\/A99F4CDE-D748-4AEE-90E4-30E37D819CBD\/mailto;reservations@remax-stbarths.com\">reservations@remax-stbarths.com<\/a><\/p>\n<p style=\"text-align: center;\">Parlez \u00e0 un sp\u00e9cialiste des villas<\/p>\n<p style=\"text-align: center;\">+590 590 29 78 20<\/p>\n<p>&nbsp;<\/p>\n<p><strong> <\/strong><\/p>\n<p><strong> <\/strong><\/p>\n<p>&nbsp;<\/p>\n<p>&nbsp;<\/p>\n<p>&nbsp;<\/p>\n<p>&nbsp;<\/p>\n<p>&nbsp;<\/p>\n<p>&nbsp;<\/p>\n<p>&nbsp;<\/p>\n<p>&nbsp;<\/p>\n<p>&nbsp;<\/p>\n<p>&nbsp;<\/p>\n","protected":false},"excerpt":{"rendered":"<p>Le mois de novembre marque le d\u00e9but de la haute saison \u00e0 St Barth, notre paradis tropical. &nbsp; Avec des plages exquises, d&rsquo;excellentes exp\u00e9riences culinaires et une comp\u00e9tition nautique au menu. Du 10 au 14 novembre, l&rsquo;accent est mis sur la gastronomie, avec la8e \u00e9dition du St Barth Gourmet Festival qui met l&rsquo;accent sur la [&hellip;]<\/p>\n","protected":false},"author":1,"featured_media":39996,"comment_status":"closed","ping_status":"closed","sticky":false,"template":"","format":"standard","meta":[],"categories":[50],"tags":[],"yoast_head":"<!-- This site is optimized with the Yoast SEO plugin v18.0 - https:\/\/yoast.com\/wordpress\/plugins\/seo\/ -->\n<meta name=\"description\" content=\"Le mois de novembre marque le d\u00e9but de la haute saison \u00e0 Saint-Barth\u00e9lemy. Avec des plages exquises, d&#039;excellentes exp\u00e9riences culinaires et une comp\u00e9tition nautique.\" \/>\n<meta name=\"robots\" content=\"index, follow, max-snippet:-1, max-image-preview:large, max-video-preview:-1\" \/>\n<link rel=\"canonical\" href=\"https:\/\/remax-stbarths.com\/fr\/2021\/09\/27\/la-haute-saison-approche\/\" \/>\n<meta property=\"og:locale\" content=\"fr_FR\" \/>\n<meta property=\"og:type\" content=\"article\" \/>\n<meta property=\"og:title\" content=\"Novembre \u00e0 St Barth, un mois tr\u00e8s charg\u00e9 ! - Location de villa RE\/MAX St Barth\" \/>\n<meta property=\"og:description\" content=\"Le mois de novembre marque le d\u00e9but de la haute saison \u00e0 Saint-Barth\u00e9lemy. Avec des plages exquises, d&#039;excellentes exp\u00e9riences culinaires et une comp\u00e9tition nautique.\" \/>\n<meta property=\"og:url\" content=\"https:\/\/remax-stbarths.com\/fr\/2021\/09\/27\/la-haute-saison-approche\/\" \/>\n<meta property=\"og:site_name\" content=\"Remax St-Barts\" \/>\n<meta property=\"article:published_time\" content=\"2021-09-27T07:21:14+00:00\" \/>\n<meta property=\"og:image\" content=\"https:\/\/remax-stbarths.com\/wp-content\/uploads\/2021\/09\/arriere-plan2@2x.jpg\" \/>\n\t<meta property=\"og:image:width\" content=\"1600\" \/>\n\t<meta property=\"og:image:height\" content=\"1200\" \/>\n\t<meta property=\"og:image:type\" content=\"image\/jpeg\" \/>\n<meta name=\"twitter:card\" content=\"summary_large_image\" \/>\n<meta name=\"twitter:label1\" content=\"\u00c9crit par\" \/>\n\t<meta name=\"twitter:data1\" content=\"adminRemax\" \/>\n\t<meta name=\"twitter:label2\" content=\"Dur\u00e9e de lecture estim\u00e9e\" \/>\n\t<meta name=\"twitter:data2\" content=\"5 minutes\" \/>\n<script type=\"application\/ld+json\" class=\"yoast-schema-graph\">{\"@context\":\"https:\/\/schema.org\",\"@graph\":[{\"@type\":\"WebSite\",\"@id\":\"https:\/\/remax-stbarths.com\/#website\",\"url\":\"https:\/\/remax-stbarths.com\/\",\"name\":\"Remax St-Barts\",\"description\":\"St Barth Villa Rental &amp; Real Estate Specialists\",\"potentialAction\":[{\"@type\":\"SearchAction\",\"target\":{\"@type\":\"EntryPoint\",\"urlTemplate\":\"https:\/\/remax-stbarths.com\/?s={search_term_string}\"},\"query-input\":\"required name=search_term_string\"}],\"inLanguage\":\"fr-FR\"},{\"@type\":\"ImageObject\",\"@id\":\"https:\/\/remax-stbarths.com\/fr\/2021\/09\/27\/la-haute-saison-approche\/#primaryimage\",\"inLanguage\":\"fr-FR\",\"url\":\"https:\/\/remax-stbarths.com\/wp-content\/uploads\/2021\/09\/arriere-plan2@2x.jpg\",\"contentUrl\":\"https:\/\/remax-stbarths.com\/wp-content\/uploads\/2021\/09\/arriere-plan2@2x.jpg\",\"width\":1600,\"height\":1200,\"caption\":\"arriere plan2@2x\"},{\"@type\":\"WebPage\",\"@id\":\"https:\/\/remax-stbarths.com\/fr\/2021\/09\/27\/la-haute-saison-approche\/#webpage\",\"url\":\"https:\/\/remax-stbarths.com\/fr\/2021\/09\/27\/la-haute-saison-approche\/\",\"name\":\"Novembre \u00e0 St Barth, un mois tr\u00e8s charg\u00e9 ! - Location de villa RE\/MAX St Barth\",\"isPartOf\":{\"@id\":\"https:\/\/remax-stbarths.com\/#website\"},\"primaryImageOfPage\":{\"@id\":\"https:\/\/remax-stbarths.com\/fr\/2021\/09\/27\/la-haute-saison-approche\/#primaryimage\"},\"datePublished\":\"2021-09-27T07:21:14+00:00\",\"dateModified\":\"2021-09-27T07:21:14+00:00\",\"author\":{\"@id\":\"https:\/\/remax-stbarths.com\/#\/schema\/person\/942e7bae0fff05c680aa891127170f1c\"},\"description\":\"Le mois de novembre marque le d\u00e9but de la haute saison \u00e0 Saint-Barth\u00e9lemy. Avec des plages exquises, d'excellentes exp\u00e9riences culinaires et une comp\u00e9tition nautique.\",\"breadcrumb\":{\"@id\":\"https:\/\/remax-stbarths.com\/fr\/2021\/09\/27\/la-haute-saison-approche\/#breadcrumb\"},\"inLanguage\":\"fr-FR\",\"potentialAction\":[{\"@type\":\"ReadAction\",\"target\":[\"https:\/\/remax-stbarths.com\/fr\/2021\/09\/27\/la-haute-saison-approche\/\"]}]},{\"@type\":\"BreadcrumbList\",\"@id\":\"https:\/\/remax-stbarths.com\/fr\/2021\/09\/27\/la-haute-saison-approche\/#breadcrumb\",\"itemListElement\":[{\"@type\":\"ListItem\",\"position\":1,\"name\":\"Accueil\",\"item\":\"https:\/\/remax-stbarths.com\/fr\/\"},{\"@type\":\"ListItem\",\"position\":2,\"name\":\"La haute saison approche\"}]},{\"@type\":\"Person\",\"@id\":\"https:\/\/remax-stbarths.com\/#\/schema\/person\/942e7bae0fff05c680aa891127170f1c\",\"name\":\"adminRemax\",\"url\":\"https:\/\/remax-stbarths.com\/fr\/author\/adminremax\/\"}]}<\/script>\n<!-- \/ Yoast SEO plugin. -->","yoast_head_json":{"description":"Le mois de novembre marque le d\u00e9but de la haute saison \u00e0 Saint-Barth\u00e9lemy. Avec des plages exquises, d'excellentes exp\u00e9riences culinaires et une comp\u00e9tition nautique.","robots":{"index":"index","follow":"follow","max-snippet":"max-snippet:-1","max-image-preview":"max-image-preview:large","max-video-preview":"max-video-preview:-1"},"canonical":"https:\/\/remax-stbarths.com\/fr\/2021\/09\/27\/la-haute-saison-approche\/","og_locale":"fr_FR","og_type":"article","og_title":"Novembre \u00e0 St Barth, un mois tr\u00e8s charg\u00e9 ! - Location de villa RE\/MAX St Barth","og_description":"Le mois de novembre marque le d\u00e9but de la haute saison \u00e0 Saint-Barth\u00e9lemy. Avec des plages exquises, d'excellentes exp\u00e9riences culinaires et une comp\u00e9tition nautique.","og_url":"https:\/\/remax-stbarths.com\/fr\/2021\/09\/27\/la-haute-saison-approche\/","og_site_name":"Remax St-Barts","article_published_time":"2021-09-27T07:21:14+00:00","og_image":[{"width":1600,"height":1200,"url":"https:\/\/remax-stbarths.com\/wp-content\/uploads\/2021\/09\/arriere-plan2@2x.jpg","type":"image\/jpeg"}],"twitter_card":"summary_large_image","twitter_misc":{"\u00c9crit par":"adminRemax","Dur\u00e9e de lecture estim\u00e9e":"5 minutes"},"schema":{"@context":"https:\/\/schema.org","@graph":[{"@type":"WebSite","@id":"https:\/\/remax-stbarths.com\/#website","url":"https:\/\/remax-stbarths.com\/","name":"Remax St-Barts","description":"St Barth Villa Rental &amp; Real Estate Specialists","potentialAction":[{"@type":"SearchAction","target":{"@type":"EntryPoint","urlTemplate":"https:\/\/remax-stbarths.com\/?s={search_term_string}"},"query-input":"required name=search_term_string"}],"inLanguage":"fr-FR"},{"@type":"ImageObject","@id":"https:\/\/remax-stbarths.com\/fr\/2021\/09\/27\/la-haute-saison-approche\/#primaryimage","inLanguage":"fr-FR","url":"https:\/\/remax-stbarths.com\/wp-content\/uploads\/2021\/09\/arriere-plan2@2x.jpg","contentUrl":"https:\/\/remax-stbarths.com\/wp-content\/uploads\/2021\/09\/arriere-plan2@2x.jpg","width":1600,"height":1200,"caption":"arriere plan2@2x"},{"@type":"WebPage","@id":"https:\/\/remax-stbarths.com\/fr\/2021\/09\/27\/la-haute-saison-approche\/#webpage","url":"https:\/\/remax-stbarths.com\/fr\/2021\/09\/27\/la-haute-saison-approche\/","name":"Novembre \u00e0 St Barth, un mois tr\u00e8s charg\u00e9 ! - Location de villa RE\/MAX St Barth","isPartOf":{"@id":"https:\/\/remax-stbarths.com\/#website"},"primaryImageOfPage":{"@id":"https:\/\/remax-stbarths.com\/fr\/2021\/09\/27\/la-haute-saison-approche\/#primaryimage"},"datePublished":"2021-09-27T07:21:14+00:00","dateModified":"2021-09-27T07:21:14+00:00","author":{"@id":"https:\/\/remax-stbarths.com\/#\/schema\/person\/942e7bae0fff05c680aa891127170f1c"},"description":"Le mois de novembre marque le d\u00e9but de la haute saison \u00e0 Saint-Barth\u00e9lemy. Avec des plages exquises, d'excellentes exp\u00e9riences culinaires et une comp\u00e9tition nautique.","breadcrumb":{"@id":"https:\/\/remax-stbarths.com\/fr\/2021\/09\/27\/la-haute-saison-approche\/#breadcrumb"},"inLanguage":"fr-FR","potentialAction":[{"@type":"ReadAction","target":["https:\/\/remax-stbarths.com\/fr\/2021\/09\/27\/la-haute-saison-approche\/"]}]},{"@type":"BreadcrumbList","@id":"https:\/\/remax-stbarths.com\/fr\/2021\/09\/27\/la-haute-saison-approche\/#breadcrumb","itemListElement":[{"@type":"ListItem","position":1,"name":"Accueil","item":"https:\/\/remax-stbarths.com\/fr\/"},{"@type":"ListItem","position":2,"name":"La haute saison approche"}]},{"@type":"Person","@id":"https:\/\/remax-stbarths.com\/#\/schema\/person\/942e7bae0fff05c680aa891127170f1c","name":"adminRemax","url":"https:\/\/remax-stbarths.com\/fr\/author\/adminremax\/"}]}},"_links":{"self":[{"href":"https:\/\/remax-stbarths.com\/fr\/wp-json\/wp\/v2\/posts\/41504"}],"collection":[{"href":"https:\/\/remax-stbarths.com\/fr\/wp-json\/wp\/v2\/posts"}],"about":[{"href":"https:\/\/remax-stbarths.com\/fr\/wp-json\/wp\/v2\/types\/post"}],"author":[{"embeddable":true,"href":"https:\/\/remax-stbarths.com\/fr\/wp-json\/wp\/v2\/users\/1"}],"replies":[{"embeddable":true,"href":"https:\/\/remax-stbarths.com\/fr\/wp-json\/wp\/v2\/comments?post=41504"}],"version-history":[{"count":0,"href":"https:\/\/remax-stbarths.com\/fr\/wp-json\/wp\/v2\/posts\/41504\/revisions"}],"wp:featuredmedia":[{"embeddable":true,"href":"https:\/\/remax-stbarths.com\/fr\/wp-json\/wp\/v2\/media\/39996"}],"wp:attachment":[{"href":"https:\/\/remax-stbarths.com\/fr\/wp-json\/wp\/v2\/media?parent=41504"}],"wp:term":[{"taxonomy":"category","embeddable":true,"href":"https:\/\/remax-stbarths.com\/fr\/wp-json\/wp\/v2\/categories?post=41504"},{"taxonomy":"post_tag","embeddable":true,"href":"https:\/\/remax-stbarths.com\/fr\/wp-json\/wp\/v2\/tags?post=41504"}],"curies":[{"name":"wp","href":"https:\/\/api.w.org\/{rel}","templated":true}]}}