{"id":41503,"date":"2021-09-27T09:39:34","date_gmt":"2021-09-27T07:39:34","guid":{"rendered":"https:\/\/remax-stbarths.com\/2021\/09\/27\/regates-a-saint-barthelemy\/"},"modified":"2021-09-27T09:39:34","modified_gmt":"2021-09-27T07:39:34","slug":"regates-a-saint-barthelemy","status":"publish","type":"post","link":"https:\/\/remax-stbarths.com\/fr\/2021\/09\/27\/regates-a-saint-barthelemy\/","title":{"rendered":"R\u00e9gates \u00e0 Saint-Barth\u00e9lemy"},"content":{"rendered":"<h1><\/h1>\n<h1 style=\"text-align: center;\"><strong>L&rsquo;ann\u00e9e 2022 verra-t-elle le retour des grands  <\/strong><\/h1>\n<h1 style=\"text-align: center;\"><strong>r\u00e9gates \u00e0 Saint-Barth\u00e9lemy ?<\/strong><\/h1>\n<p>&nbsp;<\/p>\n<p>&nbsp;<\/p>\n<p style=\"text-align: center;\">Depuis deux ans, les principales r\u00e9gates de Saint-Barth\u00e9lemy, ainsi que de nombreux autres \u00e9v\u00e9nements, se d\u00e9roulent \u00e0 Saint-Barth\u00e9lemy,<\/p>\n<p style=\"text-align: center;\">ont \u00e9t\u00e9 report\u00e9es en raison de la pand\u00e9mie de Covid-19. Cette ann\u00e9e, nous esp\u00e9rons que l&rsquo;\u00eele reprendra vie. <\/p>\n<p style=\"text-align: center;\">avec l&rsquo;excitation de ces courses \u00e0 la voile.<\/p>\n<p>&nbsp;<\/p>\n<h2><\/h2>\n<h2><\/h2>\n<h2 style=\"text-align: center;\"><strong>St Barth Bucket Regatta<\/strong><\/h2>\n<p>&nbsp;<\/p>\n<p>&nbsp;<\/p>\n<p style=\"text-align: center; max-width: 693px;\"><img class=\"wp-image-27058 aligncenter\" src=\"https:\/\/remax-stbarths.com\/wp-content\/uploads\/2021\/09\/038-2-scaled.jpeg\" alt=\"\" width=\"100%\" srcset=\"https:\/\/remax-stbarths.com\/wp-content\/uploads\/2021\/09\/038-2-scaled.jpeg 2048w, https:\/\/remax-stbarths.com\/wp-content\/uploads\/2021\/09\/038-2-1536x1024.jpeg 1536w, https:\/\/remax-stbarths.com\/wp-content\/uploads\/2021\/09\/038-2-600x400.jpeg 600w\" sizes=\"(max-width: 2048px) 100vw, 2048px\" \/><\/p>\n<p>&nbsp;<\/p>\n<p>&nbsp;<\/p>\n<p style=\"text-align: center;\">La St Barth Bucket Regatta est l&rsquo;un des principaux \u00e9v\u00e9nements nautiques de St Barth.<\/p>\n<p style=\"text-align: center;\">Cette ann\u00e9e, il aura lieu du 17 au 20 mars. Depuis son lancement en 1995, <\/p>\n<p style=\"text-align: center;\">Cette r\u00e9gate a attir\u00e9 les plus beaux voiliers du monde, la plupart d&rsquo;entre eux mesurant plus de 100 pieds,<\/p>\n<p style=\"text-align: center;\">pour naviguer dans des conditions tropicales idylliques. Align\u00e9s sur le quai de Gustavia, les bateaux sont fabuleux \u00e0 admirer de pr\u00e8s. <\/p>\n<p style=\"text-align: center;\">ainsi que d&rsquo;assister \u00e0 leur performance exaltante en mer.<\/p>\n<p>&nbsp;<\/p>\n<p style=\"text-align: center;\">A ce jour, il y a d\u00e9j\u00e0 30 bateaux inscrits dans diff\u00e9rentes classes, dont la classe J, la classe Corinthian Spirit et la classe 90 pieds, qui est une nouveaut\u00e9 cette ann\u00e9e. Les organisateurs de la course et les autorit\u00e9s locales mettront tout en \u0153uvre pour que les participants et les habitants de l&rsquo;\u00eele r\u00e9duisent les risques de propagation du COVID-19. <\/p>\n<p style=\"text-align: center;\">Le mois de mars est la p\u00e9riode id\u00e9ale pour se rendre \u00e0 Saint-Barth\u00e9lemy et profiter de cet \u00e9v\u00e9nement fantastique.<\/p>\n<p style=\"text-align: center;\">Des informations compl\u00e9mentaires et le calendrier sont disponibles sur le <span style=\"color: #0000ff;\"><a style=\"color: #0000ff;\" href=\"https:\/\/bucketregatta.com\/\" target=\"_blank\" rel=\"noopener\">site<\/a><\/span> officiel.<\/p>\n<p>&nbsp;<\/p>\n<p style=\"text-align: center;\">Vous souhaitez louer une villa pour vos vacances, pendant le St Barth Bucket ?<\/p>\n<p style=\"text-align: center;\">Contactez-nous directement \u00e0 l&rsquo;adresse <a href=\"mailto:reservations@remax-stbarths.com\">reservations@remax-stbarths.com<\/a> ou consultez nos listes de villas <span style=\"color: #0000ff;\"><a style=\"color: #0000ff;\" href=\"https:\/\/remax-stbarths.com\/rental-listing\/\" target=\"_blank\" rel=\"noopener\">ici.<\/a><\/span><\/p>\n<p>&nbsp;<\/p>\n<p><strong> <\/strong><\/p>\n<p>&nbsp;<\/p>\n<p>&nbsp;<\/p>\n<p>&nbsp;<\/p>\n<h2 style=\"text-align: center;\"><strong>Les Voiles de St Barth Richard Mille<\/strong><\/h2>\n<p>&nbsp;<\/p>\n<p>&nbsp;<\/p>\n<p style=\"text-align: center; max-width: 662px;\"><img class=\"wp-image-27062 aligncenter\" src=\"https:\/\/remax-stbarths.com\/wp-content\/uploads\/2021\/09\/VDS2019@christophejouany-23150.jpeg\" alt=\"les voiles de st barth richard miles\" width=\"100%\" srcset=\"https:\/\/remax-stbarths.com\/wp-content\/uploads\/2021\/09\/VDS2019@christophejouany-23150.jpeg 1000w, https:\/\/remax-stbarths.com\/wp-content\/uploads\/2021\/09\/VDS2019@christophejouany-23150-600x400.jpeg 600w\" sizes=\"(max-width: 1000px) 100vw, 1000px\" \/><\/p>\n<p>&nbsp;<\/p>\n<p>&nbsp;<\/p>\n<p style=\"text-align: center;\">La date est fix\u00e9e ! La<sup>11\u00e8me<\/sup> \u00e9dition des Voiles de St Barth Richard Mille partira du 17 au 23 avril 2022. <\/p>\n<p style=\"text-align: center;\">Apr\u00e8s une interruption de deux ans, les comp\u00e9titeurs et les habitants de Saint-Barth\u00e9lemy se r\u00e9jouissent de cette nouvelle \u00e9dition.<\/p>\n<p style=\"text-align: center;\">Nous attendons avec impatience le retour de cette r\u00e9gate internationale.<\/p>\n<p>&nbsp;<\/p>\n<p style=\"text-align: center;\">Cinq jours de comp\u00e9tition de haut niveau sur l&rsquo;eau, avec des parcours vari\u00e9s et adapt\u00e9s \u00e0 chaque classe.<\/p>\n<p style=\"text-align: center;\">Sur le littoral, des \u00e9v\u00e9nements sp\u00e9ciaux, notamment des concerts et la populaire Crew Party sur la plage de Shell Beach.<\/p>\n<p style=\"text-align: center;\">Les concurrents, les habitants et les touristes peuvent se m\u00e9langer au village de la course \u00e0 Gustavia chaque soir, alors que les r\u00e9sultats quotidiens sont annonc\u00e9s, que les images de la course sont projet\u00e9es et que la musique en direct remplit l&rsquo;air.<\/p>\n<p>&nbsp;<\/p>\n<p>&nbsp;<\/p>\n<p style=\"text-align: center;\">La s\u00e9curit\u00e9 pour tous reste une priorit\u00e9 importante et des mesures appropri\u00e9es seront mises en place.<\/p>\n<p style=\"text-align: center;\">Toutes les informations sur la r\u00e9gate et le programme en ligne<span style=\"color: #0000ff;\"> <a style=\"color: #0000ff;\" href=\"https:\/\/lesvoilesdestbarthrichardmille.com\/\" target=\"_blank\" rel=\"noopener\">ici.<\/a><\/span><\/p>\n<p>&nbsp;<\/p>\n<p>&nbsp;<\/p>\n<p>&nbsp;<\/p>\n<p style=\"text-align: center; max-width: 651px;\"><img class=\"wp-image-27063 aligncenter\" src=\"https:\/\/remax-stbarths.com\/wp-content\/uploads\/2021\/09\/VDS2019@christophejouany-24799.jpeg\" alt=\"les voiles de st barth richard miles\" width=\"100%\" srcset=\"https:\/\/remax-stbarths.com\/wp-content\/uploads\/2021\/09\/VDS2019@christophejouany-24799.jpeg 1000w, https:\/\/remax-stbarths.com\/wp-content\/uploads\/2021\/09\/VDS2019@christophejouany-24799-600x400.jpeg 600w\" sizes=\"(max-width: 1000px) 100vw, 1000px\" \/><\/p>\n<p>&nbsp;<\/p>\n<p>&nbsp;<\/p>\n<p style=\"text-align: center;\">Vous souhaitez participer aux Voiles de St Barth Richard Mille ?<\/p>\n<p style=\"text-align: center;\">Vous \u00eates \u00e0 la recherche d&rsquo;une villa \u00e0 louer pour vous ou votre entourage ?<\/p>\n<p style=\"text-align: center;\">Consultez notre s\u00e9lection de villas familiales ou contactez nos sp\u00e9cialistes de la location \u00e0 l&rsquo;adresse <a href=\"mailto:reservations@remax-stbarths.com\">reservations@remax-stbarths.com<\/a>.<\/p>\n<p>&nbsp;<\/p>\n<p><strong> <\/strong><\/p>\n<p>&nbsp;<\/p>\n<p style=\"text-align: center;\"><strong>  ____________________________<\/strong><\/p>\n<p>&nbsp;<\/p>\n<p>&nbsp;<\/p>\n<p style=\"text-align: center;\">\u00c0 partir de la mi-avril, profitez de tarifs de basse saison pour la location de villas, de vues \u00e0 couper le souffle sur la mer et d&rsquo;une vue imprenable sur l&rsquo;oc\u00e9an.<\/p>\n<p style=\"text-align: center;\">Mer des Cara\u00efbes, piscine \u00e0 d\u00e9bordement et jardin tropical.<\/p>\n<p style=\"text-align: center;\">Passez quelques jours \u00e0 vous d\u00e9tendre au soleil, \u00e0 d\u00e9guster des plats gastronomiques et \u00e0 vous reposer.<\/p>\n<p style=\"text-align: center;\">La cuisine fran\u00e7aise dans les nombreux restaurants de notre belle \u00eele,<\/p>\n<p style=\"text-align: center;\">et vous d\u00e9tendre sur les magnifiques plages de sable blanc.<\/p>\n<p>&nbsp;<\/p>\n<p style=\"text-align: center; max-width: 713px;\"><img class=\"aligncenter wp-image-27077\" src=\"https:\/\/remax-stbarths.com\/wp-content\/uploads\/2021\/09\/20220129_170423-scaled.jpg\" alt=\"Le port de Gustavia\" width=\"100%\" srcset=\"https:\/\/remax-stbarths.com\/wp-content\/uploads\/2021\/09\/20220129_170423-scaled.jpg 2048w, https:\/\/remax-stbarths.com\/wp-content\/uploads\/2021\/09\/20220129_170423-1536x692.jpg 1536w\" sizes=\"(max-width: 2048px) 100vw, 2048px\" \/><\/p>\n<p>&nbsp;<\/p>\n<p style=\"text-align: center;\">Promenez-vous \u00e9galement dans les rues de Gustavia pour admirer l&rsquo;architecture locale.<\/p>\n<p style=\"text-align: center;\">et faites du shopping dans un m\u00e9lange de boutiques de luxe et de cr\u00e9ateurs locaux talentueux.<\/p>\n<p>&nbsp;<\/p>\n<p style=\"text-align: center;\">Choisissez la villa qui vous convient :<\/p>\n<p style=\"text-align: center;\"><span style=\"color: #0000ff;\"><a style=\"color: #0000ff;\" href=\"https:\/\/remax-stbarths.com\/?s=&amp;post_type=rental&amp;bedrooms_rental=any&amp;property_type_rental=beach_front&amp;location_rental=any&amp;max_price_rental=any\" target=\"_blank\" rel=\"noopener\">Location de villa en bord de mer<\/a><\/span><\/p>\n<p style=\"text-align: center;\"><span style=\"color: #0000ff;\"><a style=\"color: #0000ff;\" href=\"https:\/\/remax-stbarths.com\/?s=&amp;post_type=rental&amp;bedrooms_rental=any&amp;property_type_rental=family_friends&amp;location_rental=any&amp;max_price_rental=any\" target=\"_blank\" rel=\"noopener\">Location d&rsquo;une villa familiale<\/a><\/span><\/p>\n<p style=\"text-align: center;\"><span style=\"color: #0000ff;\"><a style=\"color: #0000ff;\" href=\"https:\/\/remax-stbarths.com\/?s=&amp;post_type=rental&amp;bedrooms_rental=any&amp;property_type_rental=contemporary&amp;location_rental=any&amp;max_price_rental=any\" target=\"_blank\" rel=\"noopener\">Location de villa contemporaine<\/a><\/span><\/p>\n<p style=\"text-align: center;\"><span style=\"color: #0000ff;\"><a style=\"color: #0000ff;\" href=\"https:\/\/remax-stbarths.com\/?s=&amp;post_type=rental&amp;bedrooms_rental=any&amp;property_type_rental=style&amp;location_rental=any&amp;max_price_rental=any\" target=\"_blank\" rel=\"noopener\">Location de villa St Barth Style<\/a><\/span><\/p>\n<p style=\"text-align: center;\"><span style=\"color: #0000ff;\"><a style=\"color: #0000ff;\" href=\"https:\/\/remax-stbarths.com\/?s=&amp;post_type=rental&amp;bedrooms_rental=any&amp;property_type_rental=romantic&amp;location_rental=any&amp;max_price_rental=any\" target=\"_blank\" rel=\"noopener\">Location d&rsquo;une villa romantique \u00e0 Saint-Barth\u00e9lemy<\/a><\/span><\/p>\n<p style=\"text-align: center;\">_______<\/p>\n<p style=\"text-align: center;\">Contactez-nous directement : <a href=\"mailto:reservations@remax-stbarths.com\">reservations@remax-stbarths.com<\/a><\/p>\n<p>&nbsp;<\/p>\n<p>&nbsp;<\/p>\n<p>&nbsp;<\/p>\n<p>&nbsp;<\/p>\n<p style=\"text-align: center;\">Cr\u00e9dit photos : St Barth Bucket Regatta &#8211; Christophe Jouany &#8211; Elodie Ghezzi<\/p>\n","protected":false},"excerpt":{"rendered":"<p>L&rsquo;ann\u00e9e 2022 verra-t-elle le retour des grands r\u00e9gates \u00e0 Saint-Barth\u00e9lemy ? &nbsp; &nbsp; Depuis deux ans, les principales r\u00e9gates de Saint-Barth\u00e9lemy, ainsi que de nombreux autres \u00e9v\u00e9nements, se d\u00e9roulent \u00e0 Saint-Barth\u00e9lemy, ont \u00e9t\u00e9 report\u00e9es en raison de la pand\u00e9mie de Covid-19. Cette ann\u00e9e, nous esp\u00e9rons que l&rsquo;\u00eele reprendra vie. avec l&rsquo;excitation de ces courses \u00e0 [&hellip;]<\/p>\n","protected":false},"author":1,"featured_media":40010,"comment_status":"open","ping_status":"open","sticky":false,"template":"","format":"standard","meta":[],"categories":[50],"tags":[],"yoast_head":"<!-- This site is optimized with the Yoast SEO plugin v18.0 - https:\/\/yoast.com\/wordpress\/plugins\/seo\/ -->\n<meta name=\"description\" content=\"R\u00e9gates de Saint-Barth\u00e9lemy - Cette ann\u00e9e, nous esp\u00e9rons que l&#039;\u00eele s&#039;animera \u00e0 nouveau avec l&#039;excitation de ces courses \u00e0 la voile.\" \/>\n<meta name=\"robots\" content=\"index, follow, max-snippet:-1, max-image-preview:large, max-video-preview:-1\" \/>\n<link rel=\"canonical\" href=\"https:\/\/remax-stbarths.com\/fr\/2021\/09\/27\/regates-a-saint-barthelemy\/\" \/>\n<meta property=\"og:locale\" content=\"fr_FR\" \/>\n<meta property=\"og:type\" content=\"article\" \/>\n<meta property=\"og:title\" content=\"Blog spot : R\u00e9gates de Saint-Barth\u00e9lemy - Remax St Barths Villa Rental Specialist\" \/>\n<meta property=\"og:description\" content=\"R\u00e9gates de Saint-Barth\u00e9lemy - Cette ann\u00e9e, nous esp\u00e9rons que l&#039;\u00eele s&#039;animera \u00e0 nouveau avec l&#039;excitation de ces courses \u00e0 la voile.\" \/>\n<meta property=\"og:url\" content=\"https:\/\/remax-stbarths.com\/fr\/2021\/09\/27\/regates-a-saint-barthelemy\/\" \/>\n<meta property=\"og:site_name\" content=\"Remax St-Barts\" \/>\n<meta property=\"article:published_time\" content=\"2021-09-27T07:39:34+00:00\" \/>\n<meta property=\"og:image\" content=\"https:\/\/remax-stbarths.com\/wp-content\/uploads\/2021\/09\/article-4.png\" \/>\n\t<meta property=\"og:image:width\" content=\"2048\" \/>\n\t<meta property=\"og:image:height\" content=\"1575\" \/>\n\t<meta property=\"og:image:type\" content=\"image\/png\" \/>\n<meta name=\"twitter:card\" content=\"summary_large_image\" \/>\n<meta name=\"twitter:label1\" content=\"\u00c9crit par\" \/>\n\t<meta name=\"twitter:data1\" content=\"adminRemax\" \/>\n\t<meta name=\"twitter:label2\" content=\"Dur\u00e9e de lecture estim\u00e9e\" \/>\n\t<meta name=\"twitter:data2\" content=\"3 minutes\" \/>\n<script type=\"application\/ld+json\" class=\"yoast-schema-graph\">{\"@context\":\"https:\/\/schema.org\",\"@graph\":[{\"@type\":\"WebSite\",\"@id\":\"https:\/\/remax-stbarths.com\/#website\",\"url\":\"https:\/\/remax-stbarths.com\/\",\"name\":\"Remax St-Barts\",\"description\":\"St Barth Villa Rental &amp; Real Estate Specialists\",\"potentialAction\":[{\"@type\":\"SearchAction\",\"target\":{\"@type\":\"EntryPoint\",\"urlTemplate\":\"https:\/\/remax-stbarths.com\/?s={search_term_string}\"},\"query-input\":\"required name=search_term_string\"}],\"inLanguage\":\"fr-FR\"},{\"@type\":\"ImageObject\",\"@id\":\"https:\/\/remax-stbarths.com\/fr\/2021\/09\/27\/regates-a-saint-barthelemy\/#primaryimage\",\"inLanguage\":\"fr-FR\",\"url\":\"https:\/\/remax-stbarths.com\/wp-content\/uploads\/2021\/09\/article-4.png\",\"contentUrl\":\"https:\/\/remax-stbarths.com\/wp-content\/uploads\/2021\/09\/article-4.png\",\"width\":2048,\"height\":1575,\"caption\":\"article 4\"},{\"@type\":\"WebPage\",\"@id\":\"https:\/\/remax-stbarths.com\/fr\/2021\/09\/27\/regates-a-saint-barthelemy\/#webpage\",\"url\":\"https:\/\/remax-stbarths.com\/fr\/2021\/09\/27\/regates-a-saint-barthelemy\/\",\"name\":\"Blog spot : R\u00e9gates de Saint-Barth\u00e9lemy - Remax St Barths Villa Rental Specialist\",\"isPartOf\":{\"@id\":\"https:\/\/remax-stbarths.com\/#website\"},\"primaryImageOfPage\":{\"@id\":\"https:\/\/remax-stbarths.com\/fr\/2021\/09\/27\/regates-a-saint-barthelemy\/#primaryimage\"},\"datePublished\":\"2021-09-27T07:39:34+00:00\",\"dateModified\":\"2021-09-27T07:39:34+00:00\",\"author\":{\"@id\":\"https:\/\/remax-stbarths.com\/#\/schema\/person\/942e7bae0fff05c680aa891127170f1c\"},\"description\":\"R\u00e9gates de Saint-Barth\u00e9lemy - Cette ann\u00e9e, nous esp\u00e9rons que l'\u00eele s'animera \u00e0 nouveau avec l'excitation de ces courses \u00e0 la voile.\",\"breadcrumb\":{\"@id\":\"https:\/\/remax-stbarths.com\/fr\/2021\/09\/27\/regates-a-saint-barthelemy\/#breadcrumb\"},\"inLanguage\":\"fr-FR\",\"potentialAction\":[{\"@type\":\"ReadAction\",\"target\":[\"https:\/\/remax-stbarths.com\/fr\/2021\/09\/27\/regates-a-saint-barthelemy\/\"]}]},{\"@type\":\"BreadcrumbList\",\"@id\":\"https:\/\/remax-stbarths.com\/fr\/2021\/09\/27\/regates-a-saint-barthelemy\/#breadcrumb\",\"itemListElement\":[{\"@type\":\"ListItem\",\"position\":1,\"name\":\"Accueil\",\"item\":\"https:\/\/remax-stbarths.com\/fr\/\"},{\"@type\":\"ListItem\",\"position\":2,\"name\":\"R\u00e9gates \u00e0 Saint-Barth\u00e9lemy\"}]},{\"@type\":\"Person\",\"@id\":\"https:\/\/remax-stbarths.com\/#\/schema\/person\/942e7bae0fff05c680aa891127170f1c\",\"name\":\"adminRemax\",\"url\":\"https:\/\/remax-stbarths.com\/fr\/author\/adminremax\/\"}]}<\/script>\n<!-- \/ Yoast SEO plugin. -->","yoast_head_json":{"description":"R\u00e9gates de Saint-Barth\u00e9lemy - Cette ann\u00e9e, nous esp\u00e9rons que l'\u00eele s'animera \u00e0 nouveau avec l'excitation de ces courses \u00e0 la voile.","robots":{"index":"index","follow":"follow","max-snippet":"max-snippet:-1","max-image-preview":"max-image-preview:large","max-video-preview":"max-video-preview:-1"},"canonical":"https:\/\/remax-stbarths.com\/fr\/2021\/09\/27\/regates-a-saint-barthelemy\/","og_locale":"fr_FR","og_type":"article","og_title":"Blog spot : R\u00e9gates de Saint-Barth\u00e9lemy - Remax St Barths Villa Rental Specialist","og_description":"R\u00e9gates de Saint-Barth\u00e9lemy - Cette ann\u00e9e, nous esp\u00e9rons que l'\u00eele s'animera \u00e0 nouveau avec l'excitation de ces courses \u00e0 la voile.","og_url":"https:\/\/remax-stbarths.com\/fr\/2021\/09\/27\/regates-a-saint-barthelemy\/","og_site_name":"Remax St-Barts","article_published_time":"2021-09-27T07:39:34+00:00","og_image":[{"width":2048,"height":1575,"url":"https:\/\/remax-stbarths.com\/wp-content\/uploads\/2021\/09\/article-4.png","type":"image\/png"}],"twitter_card":"summary_large_image","twitter_misc":{"\u00c9crit par":"adminRemax","Dur\u00e9e de lecture estim\u00e9e":"3 minutes"},"schema":{"@context":"https:\/\/schema.org","@graph":[{"@type":"WebSite","@id":"https:\/\/remax-stbarths.com\/#website","url":"https:\/\/remax-stbarths.com\/","name":"Remax St-Barts","description":"St Barth Villa Rental &amp; Real Estate Specialists","potentialAction":[{"@type":"SearchAction","target":{"@type":"EntryPoint","urlTemplate":"https:\/\/remax-stbarths.com\/?s={search_term_string}"},"query-input":"required name=search_term_string"}],"inLanguage":"fr-FR"},{"@type":"ImageObject","@id":"https:\/\/remax-stbarths.com\/fr\/2021\/09\/27\/regates-a-saint-barthelemy\/#primaryimage","inLanguage":"fr-FR","url":"https:\/\/remax-stbarths.com\/wp-content\/uploads\/2021\/09\/article-4.png","contentUrl":"https:\/\/remax-stbarths.com\/wp-content\/uploads\/2021\/09\/article-4.png","width":2048,"height":1575,"caption":"article 4"},{"@type":"WebPage","@id":"https:\/\/remax-stbarths.com\/fr\/2021\/09\/27\/regates-a-saint-barthelemy\/#webpage","url":"https:\/\/remax-stbarths.com\/fr\/2021\/09\/27\/regates-a-saint-barthelemy\/","name":"Blog spot : R\u00e9gates de Saint-Barth\u00e9lemy - Remax St Barths Villa Rental Specialist","isPartOf":{"@id":"https:\/\/remax-stbarths.com\/#website"},"primaryImageOfPage":{"@id":"https:\/\/remax-stbarths.com\/fr\/2021\/09\/27\/regates-a-saint-barthelemy\/#primaryimage"},"datePublished":"2021-09-27T07:39:34+00:00","dateModified":"2021-09-27T07:39:34+00:00","author":{"@id":"https:\/\/remax-stbarths.com\/#\/schema\/person\/942e7bae0fff05c680aa891127170f1c"},"description":"R\u00e9gates de Saint-Barth\u00e9lemy - Cette ann\u00e9e, nous esp\u00e9rons que l'\u00eele s'animera \u00e0 nouveau avec l'excitation de ces courses \u00e0 la voile.","breadcrumb":{"@id":"https:\/\/remax-stbarths.com\/fr\/2021\/09\/27\/regates-a-saint-barthelemy\/#breadcrumb"},"inLanguage":"fr-FR","potentialAction":[{"@type":"ReadAction","target":["https:\/\/remax-stbarths.com\/fr\/2021\/09\/27\/regates-a-saint-barthelemy\/"]}]},{"@type":"BreadcrumbList","@id":"https:\/\/remax-stbarths.com\/fr\/2021\/09\/27\/regates-a-saint-barthelemy\/#breadcrumb","itemListElement":[{"@type":"ListItem","position":1,"name":"Accueil","item":"https:\/\/remax-stbarths.com\/fr\/"},{"@type":"ListItem","position":2,"name":"R\u00e9gates \u00e0 Saint-Barth\u00e9lemy"}]},{"@type":"Person","@id":"https:\/\/remax-stbarths.com\/#\/schema\/person\/942e7bae0fff05c680aa891127170f1c","name":"adminRemax","url":"https:\/\/remax-stbarths.com\/fr\/author\/adminremax\/"}]}},"_links":{"self":[{"href":"https:\/\/remax-stbarths.com\/fr\/wp-json\/wp\/v2\/posts\/41503"}],"collection":[{"href":"https:\/\/remax-stbarths.com\/fr\/wp-json\/wp\/v2\/posts"}],"about":[{"href":"https:\/\/remax-stbarths.com\/fr\/wp-json\/wp\/v2\/types\/post"}],"author":[{"embeddable":true,"href":"https:\/\/remax-stbarths.com\/fr\/wp-json\/wp\/v2\/users\/1"}],"replies":[{"embeddable":true,"href":"https:\/\/remax-stbarths.com\/fr\/wp-json\/wp\/v2\/comments?post=41503"}],"version-history":[{"count":0,"href":"https:\/\/remax-stbarths.com\/fr\/wp-json\/wp\/v2\/posts\/41503\/revisions"}],"wp:featuredmedia":[{"embeddable":true,"href":"https:\/\/remax-stbarths.com\/fr\/wp-json\/wp\/v2\/media\/40010"}],"wp:attachment":[{"href":"https:\/\/remax-stbarths.com\/fr\/wp-json\/wp\/v2\/media?parent=41503"}],"wp:term":[{"taxonomy":"category","embeddable":true,"href":"https:\/\/remax-stbarths.com\/fr\/wp-json\/wp\/v2\/categories?post=41503"},{"taxonomy":"post_tag","embeddable":true,"href":"https:\/\/remax-stbarths.com\/fr\/wp-json\/wp\/v2\/tags?post=41503"}],"curies":[{"name":"wp","href":"https:\/\/api.w.org\/{rel}","templated":true}]}}